{"id":1722,"date":"2020-05-01T09:43:30","date_gmt":"2020-05-01T13:43:30","guid":{"rendered":"https:\/\/sunlightchurch.com\/?p=1722"},"modified":"2020-06-10T10:10:08","modified_gmt":"2020-06-10T14:10:08","slug":"reopen","status":"publish","type":"post","link":"https:\/\/sunlightchurch.com\/pt_br\/reopen\/","title":{"rendered":"Atualiza\u00e7\u00e3o sobre a COVID-19 \u2013 Plano para reabrir o Sunlight"},"content":{"rendered":"<style>.elementor-widget-text-editor{font-family:var( --e-global-typography-text-font-family ), Sans-serif;font-weight:var( --e-global-typography-text-font-weight );color:var( --e-global-color-text );}.elementor-widget-text-editor.elementor-drop-cap-view-stacked .elementor-drop-cap{background-color:var( --e-global-color-primary );}.elementor-widget-text-editor.elementor-drop-cap-view-framed .elementor-drop-cap, .elementor-widget-text-editor.elementor-drop-cap-view-default .elementor-drop-cap{color:var( --e-global-color-primary );border-color:var( --e-global-color-primary );}.elementor-widget-text-editor .eael-protected-content-message{font-family:var( --e-global-typography-secondary-font-family ), Sans-serif;font-weight:var( --e-global-typography-secondary-font-weight );}.elementor-widget-text-editor .protected-content-error-msg{font-family:var( --e-global-typography-secondary-font-family ), Sans-serif;font-weight:var( --e-global-typography-secondary-font-weight );}<\/style>\t\t<div data-elementor-type=\"wp-post\" data-elementor-id=\"1722\" class=\"elementor elementor-1722\" data-elementor-post-type=\"post\">\n\t\t\t\t\t\t<section data-particle_enable=\"false\" data-particle-mobile-disabled=\"false\" class=\"elementor-section elementor-top-section elementor-element elementor-element-59f8782a elementor-section-boxed elementor-section-height-default elementor-section-height-default\" data-id=\"59f8782a\" data-element_type=\"section\" data-e-type=\"section\">\n\t\t\t\t\t\t<div class=\"elementor-container elementor-column-gap-default\">\n\t\t\t\t\t<div class=\"elementor-column elementor-col-100 elementor-top-column elementor-element elementor-element-3e844b37\" data-id=\"3e844b37\" data-element_type=\"column\" data-e-type=\"column\">\n\t\t\t<div class=\"elementor-widget-wrap elementor-element-populated\">\n\t\t\t\t\t\t<div class=\"elementor-element elementor-element-52a1111a elementor-widget elementor-widget-text-editor\" data-id=\"52a1111a\" data-element_type=\"widget\" data-e-type=\"widget\" data-widget_type=\"text-editor.default\">\n\t\t\t\t<div class=\"elementor-widget-container\">\n\t\t\t\t\t\t\t\t\t<p>Querida Fam\u00edlia da Igreja,<br><\/p>\n<p>Deus tem trabalhado intensamente por meio do nosso minist\u00e9rio online nas \u00faltimas semanas. Com a sua ajuda, conseguimos alcan\u00e7ar dezenas de milhares de pessoas em todo o mundo com as Boas Novas do Evangelho!<br><\/p>\n<p>Embora tenhamos ficado muito encorajados pelo feedback positivo que recebemos, sabemos que alguns de voc\u00eas anseiam por nos encontrarmos pessoalmente novamente. Como voc\u00eas devem se lembrar, suspendemos todos os encontros presenciais em cumprimento \u00e0s diretrizes governamentais que pro\u00edbem a aglomera\u00e7\u00e3o de grupos de dez ou mais pessoas. Como a sua sa\u00fade e seguran\u00e7a s\u00e3o nossa principal prioridade, tivemos que tomar esta dif\u00edcil decis\u00e3o.<br><\/p>\n<p>Nas \u00faltimas semanas, ficou evidente que conseguimos &quot;achatar a curva&quot; na Fl\u00f3rida. O n\u00famero de novos casos est\u00e1 diminuindo e nossos hospitais n\u00e3o foram sobrecarregados al\u00e9m de sua capacidade. Por isso, o governador da Fl\u00f3rida, Ron DeSantis, anunciou que nosso estado est\u00e1 entrando na Fase 1 de reabertura.<br><\/p>\n<p>Embora a ordem de perman\u00eancia em casa tenha sido suspensa, durante esta fase inicial, muitas das mesmas restri\u00e7\u00f5es permanecem em vigor. Pessoas com mais de 65 anos, bem como pessoas com condi\u00e7\u00f5es como press\u00e3o alta, doen\u00e7a pulmonar cr\u00f4nica, diabetes, obesidade, asma ou sistema imunol\u00f3gico comprometido, ainda est\u00e3o sendo orientadas a permanecer em casa. O uso de m\u00e1scara facial ainda \u00e9 recomendado em p\u00fablico, assim como manter o distanciamento f\u00edsico de pelo menos 1,80 m o tempo todo. Alguns neg\u00f3cios, como cinemas e escolas, n\u00e3o est\u00e3o reabrindo, enquanto outros, como restaurantes e lojas de varejo, podem operar com capacidade limitada.<br><\/p>\n<p>Embora o governador n\u00e3o tenha dado nenhuma diretriz espec\u00edfica para igrejas, nosso conselho eclesi\u00e1stico se reuniu esta semana para analisar, em esp\u00edrito de ora\u00e7\u00e3o, como as outras diretrizes poderiam ser aplicadas \u00e0 nossa igreja. Criamos um plano de reabertura em fases que acreditamos respeitar os princ\u00edpios estabelecidos pelos nossos governos local, estadual e federal.<br><\/p>\n<p>A partir de 17 de maio, nossa igreja entrar\u00e1 na Fase I de reabertura de um culto presencial:<\/p>\n<ul>\n<li>Ofereceremos um breve culto de domingo \u00e0s 10h, muito parecido com o que temos oferecido on-line.<br><\/li>\n<li>Os assentos ser\u00e3o escalonados, utilizando fileiras alternadas. Pedimos que cada pessoa ou fam\u00edlia deixe pelo menos 4 cadeiras entre si e as demais pessoas.<br><\/li>\n<li>A participa\u00e7\u00e3o ser\u00e1 limitada a 25% de capacidade de assentos.<br><\/li>\n<li>M\u00e1scaras faciais, embora n\u00e3o sejam obrigat\u00f3rias, ser\u00e3o recomendadas.<br><\/li>\n<li>Esta\u00e7\u00f5es de higieniza\u00e7\u00e3o das m\u00e3os ser\u00e3o instaladas no sagu\u00e3o.<br><\/li>\n<li>Pedimos gentilmente que aqueles que apresentarem sintomas de qualquer doen\u00e7a ou que entraram em contato com algu\u00e9m diagnosticado com COVID-19 n\u00e3o compare\u00e7am aos nossos cultos presenciais.<br><\/li>\n<li>Os seguintes servi\u00e7os n\u00e3o estar\u00e3o dispon\u00edveis: recepcionistas, recepcionistas, tempo de confraterniza\u00e7\u00e3o planejado antes ou depois do culto, minist\u00e9rio infantil, ber\u00e7\u00e1rio e distribui\u00e7\u00e3o de pratos de ofertas.&nbsp;<br><\/li>\n<\/ul>\n<p>Em caso de rebote ou surto local, pode ser necess\u00e1rio restabelecer as restri\u00e7\u00f5es anteriores. Continuaremos monitorando a situa\u00e7\u00e3o atentamente. O governador DeSantis afirmou que reabrir o estado n\u00e3o \u00e9 como acender uma luz. Da mesma forma, a retomada das reuni\u00f5es presenciais na igreja acontecer\u00e1 gradualmente e em fases. Sabemos que muitos de voc\u00eas t\u00eam preocupa\u00e7\u00f5es reais sobre participar de grandes aglomera\u00e7\u00f5es p\u00fablicas durante uma pandemia e honramos sua convic\u00e7\u00e3o. Gostar\u00edamos de incentiv\u00e1-los a se juntar a n\u00f3s para o culto em nosso campus online. Temos visto Deus aben\u00e7oar ricamente nosso minist\u00e9rio online e n\u00e3o temos planos de interromp\u00ea-lo!<br><\/p>\n<p>Por fim, gostaria de lembrar que, embora esta carta tenha sido sobre a &quot;reabertura&quot; da igreja, na verdade ela nunca foi fechada. Embora as portas do nosso pr\u00e9dio tenham sido fechadas, a igreja s\u00e3o as pessoas. E juntos, continuamos cumprindo nossa miss\u00e3o, observando Deus agir de maneiras milagrosas durante estes dias dif\u00edceis. Se pudermos ajud\u00e1-lo de alguma forma, n\u00e3o hesite em entrar em contato enviando uma mensagem de texto para 772-277-7072.<\/p>\n<p>Em Cristo,<\/p>\n<p>Pastor Scott Vander Ploeg<\/p>\t\t\t\t\t\t\t\t<\/div>\n\t\t\t\t<\/div>\n\t\t\t\t\t<\/div>\n\t\t<\/div>\n\t\t\t\t\t<\/div>\n\t\t<\/section>\n\t\t\t\t<\/div>","protected":false},"excerpt":{"rendered":"<p>Prezada Fam\u00edlia da Igreja, Deus tem trabalhado intensamente por meio do nosso minist\u00e9rio online nas \u00faltimas semanas. Com a sua ajuda, conseguimos alcan\u00e7ar dezenas de milhares de pessoas do mundo todo com as Boas Novas do Evangelho! Embora tenhamos sido muito encorajados pelos coment\u00e1rios positivos [\u2026]<\/p>","protected":false},"author":1,"featured_media":0,"comment_status":"open","ping_status":"open","sticky":false,"template":"","format":"standard","meta":{"_price":"","_stock":"","_tribe_ticket_header":"","_tribe_default_ticket_provider":"","_tribe_ticket_capacity":"0","_ticket_start_date":"","_ticket_end_date":"","_tribe_ticket_show_description":"","_tribe_ticket_show_not_going":false,"_tribe_ticket_use_global_stock":"","_tribe_ticket_global_stock_level":"","_global_stock_mode":"","_global_stock_cap":"","_tribe_rsvp_for_event":"","_tribe_ticket_going_count":"","_tribe_ticket_not_going_count":"","_tribe_tickets_list":"[]","_tribe_ticket_has_attendee_info_fields":false,"footnotes":""},"categories":[1],"tags":[],"class_list":["post-1722","post","type-post","status-publish","format-standard","hentry","category-updates"],"_links":{"self":[{"href":"https:\/\/sunlightchurch.com\/pt_br\/wp-json\/wp\/v2\/posts\/1722","targetHints":{"allow":["GET"]}}],"collection":[{"href":"https:\/\/sunlightchurch.com\/pt_br\/wp-json\/wp\/v2\/posts"}],"about":[{"href":"https:\/\/sunlightchurch.com\/pt_br\/wp-json\/wp\/v2\/types\/post"}],"author":[{"embeddable":true,"href":"https:\/\/sunlightchurch.com\/pt_br\/wp-json\/wp\/v2\/users\/1"}],"replies":[{"embeddable":true,"href":"https:\/\/sunlightchurch.com\/pt_br\/wp-json\/wp\/v2\/comments?post=1722"}],"version-history":[{"count":0,"href":"https:\/\/sunlightchurch.com\/pt_br\/wp-json\/wp\/v2\/posts\/1722\/revisions"}],"wp:attachment":[{"href":"https:\/\/sunlightchurch.com\/pt_br\/wp-json\/wp\/v2\/media?parent=1722"}],"wp:term":[{"taxonomy":"category","embeddable":true,"href":"https:\/\/sunlightchurch.com\/pt_br\/wp-json\/wp\/v2\/categories?post=1722"},{"taxonomy":"post_tag","embeddable":true,"href":"https:\/\/sunlightchurch.com\/pt_br\/wp-json\/wp\/v2\/tags?post=1722"}],"curies":[{"name":"wp","href":"https:\/\/api.w.org\/{rel}","templated":true}]}}